{"id":258,"date":"2022-10-10T12:26:44","date_gmt":"2022-10-10T10:26:44","guid":{"rendered":"http:\/\/creacom-paca.fr\/?p=258"},"modified":"2022-10-21T16:01:27","modified_gmt":"2022-10-21T14:01:27","slug":"news-1","status":"publish","type":"post","link":"https:\/\/creacom-paca.fr\/?p=258","title":{"rendered":"Communication et bon d\u00e9part"},"content":{"rendered":"\n<p><\/p>\n\n\n\n<p>Cr\u00e9ation d\u2019entreprise : <strong>tout est dans la com<\/strong> !<\/p>\n\n\n\n<p>Vous allez vous lancer dans le monde de la PME en tant qu\u2019artisan ou auto-entrepreneur ?<\/p>\n\n\n\n<p>Toutes les entreprises n\u2019ont pas besoin de la m\u00eame communication, mais toutes ont les m\u00eames bases pour communiquer.<\/p>\n\n\n\n<p>Aujourd\u2019hui une entreprise peut communiquer sur de multiples m\u00e9dias, mais tous ne sont pas forc\u00e9ment adapt\u00e9s \u00e0 votre entreprise. Il s\u2019agit donc de cibler m\u00e9thodiquement votre client\u00e8le et le support qui sera le mieux adapt\u00e9 \u00e0 votre prospection.<\/p>\n\n\n\n<p>Petit r\u00e9capitulatif des diff\u00e9rents supports m\u00e9dias : carte de visite, tract, flyer, enseigne lumineuse ou pas, affiche, banderole, PLV (publicit\u00e9 sur lieu de vente), stand de foire, support aimant\u00e9 pour v\u00e9hicule, autocollant, packaging, photo en studio, photo promotionnelle, objet publicitaire, r\u00e9seaux sociaux, clip vid\u00e9o professionnel, pr\u00e9sence \u00e9ditoriale, relation presse, conception visuelle, site internet, alimentation r\u00e9dactionnelle de vos supports m\u00e9dias, radio\u2026<\/p>\n\n\n\n<p>Chaque entrepreneur va donc devoir s\u00e9lectionner les m\u00e9dias qui seront utiles au d\u00e9veloppement de l\u2019entreprise et la mani\u00e8re de mettre en forme la publicit\u00e9. Pour cela il faut prendre une feuille blanche et d\u00e9cortiquer le plus objectivement possible le type de client\u00e8le, le panel budg\u00e9taire, les possibilit\u00e9s offertes par l\u2019entreprise, les moyens dont elle dispose par rapport \u00e0 la concurrence, le rayon d\u2019action, le d\u00e9veloppement de l\u2019activit\u00e9 via les m\u00e9dias, l\u2019envoi de colis s\u2019il y a lieu, le type de pr\u00e9sence envisag\u00e9 sur les r\u00e9seaux sociaux\u2026<\/p>\n\n\n\n<p>Ce travail en aval est important d\u2019autant qu\u2019il fait prendre conscience des possibilit\u00e9s et des limites de l\u2019entreprise. Le hasard ne fait pas bon m\u00e9nage avec la finance, c\u2019est la raison pour laquelle un soutien professionnel sera \u00e0 privil\u00e9gier. \u00c0 chacun son m\u00e9tier\u2026<\/p>\n","protected":false},"excerpt":{"rendered":"<p>Cr\u00e9ation d\u2019entreprise : tout est dans la com ! Vous allez vous lancer dans le monde de la PME en tant qu\u2019artisan ou auto-entrepreneur ? Toutes les entreprises n\u2019ont pas besoin de la m\u00eame communication, mais toutes ont les m\u00eames bases pour communiquer. Aujourd\u2019hui une entreprise peut communiquer sur de multiples m\u00e9dias, mais tous ne &hellip;<\/p>\n<p class=\"read-more\"> <a class=\"\" href=\"https:\/\/creacom-paca.fr\/?p=258\"> <span class=\"screen-reader-text\">Communication et bon d\u00e9part<\/span> Lire la suite\u00a0\u00bb<\/a><\/p>\n","protected":false},"author":1,"featured_media":125,"comment_status":"closed","ping_status":"open","sticky":false,"template":"","format":"standard","meta":{"site-sidebar-layout":"default","site-content-layout":"default","ast-global-header-display":"","ast-main-header-display":"","ast-hfb-above-header-display":"","ast-hfb-below-header-display":"","ast-hfb-mobile-header-display":"","site-post-title":"","ast-breadcrumbs-content":"","ast-featured-img":"","footer-sml-layout":"","theme-transparent-header-meta":"","adv-header-id-meta":"","stick-header-meta":"","header-above-stick-meta":"","header-main-stick-meta":"","header-below-stick-meta":"","footnotes":""},"categories":[1],"tags":[],"class_list":["post-258","post","type-post","status-publish","format-standard","has-post-thumbnail","hentry","category-non-classe"],"yoast_head":"<!-- This site is optimized with the Yoast SEO plugin v21.4 - https:\/\/yoast.com\/wordpress\/plugins\/seo\/ -->\n<title>Communication et bon d\u00e9part - Creacom Paca<\/title>\n<meta name=\"robots\" content=\"index, follow, max-snippet:-1, max-image-preview:large, max-video-preview:-1\" \/>\n<link rel=\"canonical\" href=\"https:\/\/creacom-paca.fr\/?p=258\" \/>\n<meta property=\"og:locale\" content=\"fr_FR\" \/>\n<meta property=\"og:type\" content=\"article\" \/>\n<meta property=\"og:title\" content=\"Communication et bon d\u00e9part - Creacom Paca\" \/>\n<meta property=\"og:description\" content=\"Cr\u00e9ation d\u2019entreprise : tout est dans la com ! Vous allez vous lancer dans le monde de la PME en tant qu\u2019artisan ou auto-entrepreneur ? Toutes les entreprises n\u2019ont pas besoin de la m\u00eame communication, mais toutes ont les m\u00eames bases pour communiquer. Aujourd\u2019hui une entreprise peut communiquer sur de multiples m\u00e9dias, mais tous ne &hellip; Communication et bon d\u00e9part Lire la suite\u00a0\u00bb\" \/>\n<meta property=\"og:url\" content=\"https:\/\/creacom-paca.fr\/?p=258\" \/>\n<meta property=\"og:site_name\" content=\"Creacom Paca\" \/>\n<meta property=\"article:published_time\" content=\"2022-10-10T10:26:44+00:00\" \/>\n<meta property=\"article:modified_time\" content=\"2022-10-21T14:01:27+00:00\" \/>\n<meta property=\"og:image\" content=\"https:\/\/creacom-paca.fr\/wp-content\/uploads\/2022\/10\/site-Beauduc-801.jpg\" \/>\n\t<meta property=\"og:image:width\" content=\"1000\" \/>\n\t<meta property=\"og:image:height\" content=\"524\" \/>\n\t<meta property=\"og:image:type\" content=\"image\/jpeg\" \/>\n<meta name=\"author\" content=\"Denys Turrier\" \/>\n<meta name=\"twitter:card\" content=\"summary_large_image\" \/>\n<meta name=\"twitter:label1\" content=\"\u00c9crit par\" \/>\n\t<meta name=\"twitter:data1\" content=\"Denys Turrier\" \/>\n\t<meta name=\"twitter:label2\" content=\"Dur\u00e9e de lecture estim\u00e9e\" \/>\n\t<meta name=\"twitter:data2\" content=\"2 minutes\" \/>\n<script type=\"application\/ld+json\" class=\"yoast-schema-graph\">{\"@context\":\"https:\/\/schema.org\",\"@graph\":[{\"@type\":\"WebPage\",\"@id\":\"https:\/\/creacom-paca.fr\/?p=258\",\"url\":\"https:\/\/creacom-paca.fr\/?p=258\",\"name\":\"Communication et bon d\u00e9part - Creacom Paca\",\"isPartOf\":{\"@id\":\"https:\/\/creacom-paca.fr\/#website\"},\"datePublished\":\"2022-10-10T10:26:44+00:00\",\"dateModified\":\"2022-10-21T14:01:27+00:00\",\"author\":{\"@id\":\"https:\/\/creacom-paca.fr\/#\/schema\/person\/48a6e8185a1cac6d840e9a8f1ce088e1\"},\"breadcrumb\":{\"@id\":\"https:\/\/creacom-paca.fr\/?p=258#breadcrumb\"},\"inLanguage\":\"fr-FR\",\"potentialAction\":[{\"@type\":\"ReadAction\",\"target\":[\"https:\/\/creacom-paca.fr\/?p=258\"]}]},{\"@type\":\"BreadcrumbList\",\"@id\":\"https:\/\/creacom-paca.fr\/?p=258#breadcrumb\",\"itemListElement\":[{\"@type\":\"ListItem\",\"position\":1,\"name\":\"Accueil\",\"item\":\"https:\/\/creacom-paca.fr\/\"},{\"@type\":\"ListItem\",\"position\":2,\"name\":\"Communication et bon d\u00e9part\"}]},{\"@type\":\"WebSite\",\"@id\":\"https:\/\/creacom-paca.fr\/#website\",\"url\":\"https:\/\/creacom-paca.fr\/\",\"name\":\"Creacom Paca\",\"description\":\"\",\"potentialAction\":[{\"@type\":\"SearchAction\",\"target\":{\"@type\":\"EntryPoint\",\"urlTemplate\":\"https:\/\/creacom-paca.fr\/?s={search_term_string}\"},\"query-input\":\"required name=search_term_string\"}],\"inLanguage\":\"fr-FR\"},{\"@type\":\"Person\",\"@id\":\"https:\/\/creacom-paca.fr\/#\/schema\/person\/48a6e8185a1cac6d840e9a8f1ce088e1\",\"name\":\"Denys Turrier\",\"image\":{\"@type\":\"ImageObject\",\"inLanguage\":\"fr-FR\",\"@id\":\"https:\/\/creacom-paca.fr\/#\/schema\/person\/image\/\",\"url\":\"https:\/\/secure.gravatar.com\/avatar\/f1d81c680c418589fcd1c180fc10cfb82831be5ce568a942803226f6dc15f234?s=96&d=mm&r=g\",\"contentUrl\":\"https:\/\/secure.gravatar.com\/avatar\/f1d81c680c418589fcd1c180fc10cfb82831be5ce568a942803226f6dc15f234?s=96&d=mm&r=g\",\"caption\":\"Denys Turrier\"},\"sameAs\":[\"http:\/\/creacom-paca.fr\"],\"url\":\"https:\/\/creacom-paca.fr\/?author=1\"}]}<\/script>\n<!-- \/ Yoast SEO plugin. -->","yoast_head_json":{"title":"Communication et bon d\u00e9part - Creacom Paca","robots":{"index":"index","follow":"follow","max-snippet":"max-snippet:-1","max-image-preview":"max-image-preview:large","max-video-preview":"max-video-preview:-1"},"canonical":"https:\/\/creacom-paca.fr\/?p=258","og_locale":"fr_FR","og_type":"article","og_title":"Communication et bon d\u00e9part - Creacom Paca","og_description":"Cr\u00e9ation d\u2019entreprise : tout est dans la com ! Vous allez vous lancer dans le monde de la PME en tant qu\u2019artisan ou auto-entrepreneur ? Toutes les entreprises n\u2019ont pas besoin de la m\u00eame communication, mais toutes ont les m\u00eames bases pour communiquer. Aujourd\u2019hui une entreprise peut communiquer sur de multiples m\u00e9dias, mais tous ne &hellip; Communication et bon d\u00e9part Lire la suite\u00a0\u00bb","og_url":"https:\/\/creacom-paca.fr\/?p=258","og_site_name":"Creacom Paca","article_published_time":"2022-10-10T10:26:44+00:00","article_modified_time":"2022-10-21T14:01:27+00:00","og_image":[{"width":1000,"height":524,"url":"https:\/\/creacom-paca.fr\/wp-content\/uploads\/2022\/10\/site-Beauduc-801.jpg","type":"image\/jpeg"}],"author":"Denys Turrier","twitter_card":"summary_large_image","twitter_misc":{"\u00c9crit par":"Denys Turrier","Dur\u00e9e de lecture estim\u00e9e":"2 minutes"},"schema":{"@context":"https:\/\/schema.org","@graph":[{"@type":"WebPage","@id":"https:\/\/creacom-paca.fr\/?p=258","url":"https:\/\/creacom-paca.fr\/?p=258","name":"Communication et bon d\u00e9part - Creacom Paca","isPartOf":{"@id":"https:\/\/creacom-paca.fr\/#website"},"datePublished":"2022-10-10T10:26:44+00:00","dateModified":"2022-10-21T14:01:27+00:00","author":{"@id":"https:\/\/creacom-paca.fr\/#\/schema\/person\/48a6e8185a1cac6d840e9a8f1ce088e1"},"breadcrumb":{"@id":"https:\/\/creacom-paca.fr\/?p=258#breadcrumb"},"inLanguage":"fr-FR","potentialAction":[{"@type":"ReadAction","target":["https:\/\/creacom-paca.fr\/?p=258"]}]},{"@type":"BreadcrumbList","@id":"https:\/\/creacom-paca.fr\/?p=258#breadcrumb","itemListElement":[{"@type":"ListItem","position":1,"name":"Accueil","item":"https:\/\/creacom-paca.fr\/"},{"@type":"ListItem","position":2,"name":"Communication et bon d\u00e9part"}]},{"@type":"WebSite","@id":"https:\/\/creacom-paca.fr\/#website","url":"https:\/\/creacom-paca.fr\/","name":"Creacom Paca","description":"","potentialAction":[{"@type":"SearchAction","target":{"@type":"EntryPoint","urlTemplate":"https:\/\/creacom-paca.fr\/?s={search_term_string}"},"query-input":"required name=search_term_string"}],"inLanguage":"fr-FR"},{"@type":"Person","@id":"https:\/\/creacom-paca.fr\/#\/schema\/person\/48a6e8185a1cac6d840e9a8f1ce088e1","name":"Denys Turrier","image":{"@type":"ImageObject","inLanguage":"fr-FR","@id":"https:\/\/creacom-paca.fr\/#\/schema\/person\/image\/","url":"https:\/\/secure.gravatar.com\/avatar\/f1d81c680c418589fcd1c180fc10cfb82831be5ce568a942803226f6dc15f234?s=96&d=mm&r=g","contentUrl":"https:\/\/secure.gravatar.com\/avatar\/f1d81c680c418589fcd1c180fc10cfb82831be5ce568a942803226f6dc15f234?s=96&d=mm&r=g","caption":"Denys Turrier"},"sameAs":["http:\/\/creacom-paca.fr"],"url":"https:\/\/creacom-paca.fr\/?author=1"}]}},"_links":{"self":[{"href":"https:\/\/creacom-paca.fr\/index.php?rest_route=\/wp\/v2\/posts\/258","targetHints":{"allow":["GET"]}}],"collection":[{"href":"https:\/\/creacom-paca.fr\/index.php?rest_route=\/wp\/v2\/posts"}],"about":[{"href":"https:\/\/creacom-paca.fr\/index.php?rest_route=\/wp\/v2\/types\/post"}],"author":[{"embeddable":true,"href":"https:\/\/creacom-paca.fr\/index.php?rest_route=\/wp\/v2\/users\/1"}],"replies":[{"embeddable":true,"href":"https:\/\/creacom-paca.fr\/index.php?rest_route=%2Fwp%2Fv2%2Fcomments&post=258"}],"version-history":[{"count":6,"href":"https:\/\/creacom-paca.fr\/index.php?rest_route=\/wp\/v2\/posts\/258\/revisions"}],"predecessor-version":[{"id":557,"href":"https:\/\/creacom-paca.fr\/index.php?rest_route=\/wp\/v2\/posts\/258\/revisions\/557"}],"wp:featuredmedia":[{"embeddable":true,"href":"https:\/\/creacom-paca.fr\/index.php?rest_route=\/wp\/v2\/media\/125"}],"wp:attachment":[{"href":"https:\/\/creacom-paca.fr\/index.php?rest_route=%2Fwp%2Fv2%2Fmedia&parent=258"}],"wp:term":[{"taxonomy":"category","embeddable":true,"href":"https:\/\/creacom-paca.fr\/index.php?rest_route=%2Fwp%2Fv2%2Fcategories&post=258"},{"taxonomy":"post_tag","embeddable":true,"href":"https:\/\/creacom-paca.fr\/index.php?rest_route=%2Fwp%2Fv2%2Ftags&post=258"}],"curies":[{"name":"wp","href":"https:\/\/api.w.org\/{rel}","templated":true}]}}