{"id":505,"date":"2022-10-17T15:52:25","date_gmt":"2022-10-17T13:52:25","guid":{"rendered":"http:\/\/creacom-paca.fr\/?p=505"},"modified":"2022-10-21T16:07:20","modified_gmt":"2022-10-21T14:07:20","slug":"limage-vecteur-de-reussite","status":"publish","type":"post","link":"https:\/\/creacom-paca.fr\/?p=505","title":{"rendered":"L&rsquo;image, vecteur de r\u00e9ussite"},"content":{"rendered":"\n<p><strong>Une bonne communication passe en priorit\u00e9 par l\u2019image<\/strong>. Une photo de qualit\u00e9 avec le <strong>bon \u00e9clairage<\/strong> et le <strong>bon cadrage<\/strong> sera plus efficace que tous les discours du monde. C\u2019est <strong>la vitrine de votre commerce<\/strong>. L\u2019image doit \u00e0 la fois r\u00e9sumer votre travail, votre potentiel, votre aspect cr\u00e9atif, votre rigueur, votre savoir-faire, vos moyens techniques. Une image explicite n\u2019a pas besoin d\u2019un commentaire, sauf s\u2019il est un compl\u00e9ment indispensable qui ne peut \u00eatre montr\u00e9 par l\u2019image. Si le texte r\u00e9p\u00e8te ce qui est vu sur l\u2019image, cela s\u2019appelle un pl\u00e9onasme. C\u2019est une perte de temps pour le client de regarder et lire la m\u00eame chose.<\/p>\n\n\n\n<p>Le regard est attir\u00e9 par <strong>des ombres et des lumi\u00e8res<\/strong>, par le <strong>choix des couleurs<\/strong> et par <strong>un cadrage<\/strong> qui oriente la lecture du visuel. Tout cela se construit. Si vous ma\u00eetrisez la partie technique de la photographie, notamment parce que les automatismes actuels sont performants, ne croyez pas que la suite s\u2019inscrit dans ce processus.<\/p>\n\n\n\n<p>Une mauvaise approche de la communication et c\u2019est une page qui se tourne pour le potentiel client. Si vous avez besoin d\u2019un visuel pour un stand de foire ou d\u2019une plaquette publicitaire, <strong>faites appel \u00e0 un professionnel<\/strong> parce que son exp\u00e9rience vous fera gagner plus que l\u2019investissement. Regardez toujours le gain et non la d\u00e9pense, c\u2019est une r\u00e8gle primordiale dans le commerce. Misez sur votre travail et mettez-le en valeur avec un professionnel, c\u2019est de cette mani\u00e8re que la r\u00e9ussite sera au rendez-vous !<\/p>\n","protected":false},"excerpt":{"rendered":"<p>Une bonne communication passe en priorit\u00e9 par l\u2019image. Une photo de qualit\u00e9 avec le bon \u00e9clairage et le bon cadrage sera plus efficace que tous les discours du monde. C\u2019est la vitrine de votre commerce. L\u2019image doit \u00e0 la fois r\u00e9sumer votre travail, votre potentiel, votre aspect cr\u00e9atif, votre rigueur, votre savoir-faire, vos moyens techniques. &hellip;<\/p>\n<p class=\"read-more\"> <a class=\"\" href=\"https:\/\/creacom-paca.fr\/?p=505\"> <span class=\"screen-reader-text\">L&rsquo;image, vecteur de r\u00e9ussite<\/span> Lire la suite\u00a0\u00bb<\/a><\/p>\n","protected":false},"author":1,"featured_media":24,"comment_status":"closed","ping_status":"open","sticky":false,"template":"","format":"standard","meta":{"site-sidebar-layout":"default","site-content-layout":"default","ast-global-header-display":"","ast-main-header-display":"","ast-hfb-above-header-display":"","ast-hfb-below-header-display":"","ast-hfb-mobile-header-display":"","site-post-title":"","ast-breadcrumbs-content":"","ast-featured-img":"","footer-sml-layout":"","theme-transparent-header-meta":"","adv-header-id-meta":"","stick-header-meta":"","header-above-stick-meta":"","header-main-stick-meta":"","header-below-stick-meta":"","footnotes":""},"categories":[1],"tags":[],"class_list":["post-505","post","type-post","status-publish","format-standard","has-post-thumbnail","hentry","category-non-classe"],"yoast_head":"<!-- This site is optimized with the Yoast SEO plugin v21.4 - https:\/\/yoast.com\/wordpress\/plugins\/seo\/ -->\n<title>L&#039;image, vecteur de r\u00e9ussite - Creacom Paca<\/title>\n<meta name=\"robots\" content=\"index, follow, max-snippet:-1, max-image-preview:large, max-video-preview:-1\" \/>\n<link rel=\"canonical\" href=\"https:\/\/creacom-paca.fr\/?p=505\" \/>\n<meta property=\"og:locale\" content=\"fr_FR\" \/>\n<meta property=\"og:type\" content=\"article\" \/>\n<meta property=\"og:title\" content=\"L&#039;image, vecteur de r\u00e9ussite - Creacom Paca\" \/>\n<meta property=\"og:description\" content=\"Une bonne communication passe en priorit\u00e9 par l\u2019image. Une photo de qualit\u00e9 avec le bon \u00e9clairage et le bon cadrage sera plus efficace que tous les discours du monde. C\u2019est la vitrine de votre commerce. L\u2019image doit \u00e0 la fois r\u00e9sumer votre travail, votre potentiel, votre aspect cr\u00e9atif, votre rigueur, votre savoir-faire, vos moyens techniques. &hellip; L&rsquo;image, vecteur de r\u00e9ussite Lire la suite\u00a0\u00bb\" \/>\n<meta property=\"og:url\" content=\"https:\/\/creacom-paca.fr\/?p=505\" \/>\n<meta property=\"og:site_name\" content=\"Creacom Paca\" \/>\n<meta property=\"article:published_time\" content=\"2022-10-17T13:52:25+00:00\" \/>\n<meta property=\"article:modified_time\" content=\"2022-10-21T14:07:20+00:00\" \/>\n<meta property=\"og:image\" content=\"https:\/\/creacom-paca.fr\/wp-content\/uploads\/2022\/10\/site-resto-frigolet.jpg\" \/>\n\t<meta property=\"og:image:width\" content=\"1000\" \/>\n\t<meta property=\"og:image:height\" content=\"667\" \/>\n\t<meta property=\"og:image:type\" content=\"image\/jpeg\" \/>\n<meta name=\"author\" content=\"Denys Turrier\" \/>\n<meta name=\"twitter:card\" content=\"summary_large_image\" \/>\n<meta name=\"twitter:label1\" content=\"\u00c9crit par\" \/>\n\t<meta name=\"twitter:data1\" content=\"Denys Turrier\" \/>\n\t<meta name=\"twitter:label2\" content=\"Dur\u00e9e de lecture estim\u00e9e\" \/>\n\t<meta name=\"twitter:data2\" content=\"1 minute\" \/>\n<script type=\"application\/ld+json\" class=\"yoast-schema-graph\">{\"@context\":\"https:\/\/schema.org\",\"@graph\":[{\"@type\":\"WebPage\",\"@id\":\"https:\/\/creacom-paca.fr\/?p=505\",\"url\":\"https:\/\/creacom-paca.fr\/?p=505\",\"name\":\"L'image, vecteur de r\u00e9ussite - Creacom Paca\",\"isPartOf\":{\"@id\":\"https:\/\/creacom-paca.fr\/#website\"},\"datePublished\":\"2022-10-17T13:52:25+00:00\",\"dateModified\":\"2022-10-21T14:07:20+00:00\",\"author\":{\"@id\":\"https:\/\/creacom-paca.fr\/#\/schema\/person\/48a6e8185a1cac6d840e9a8f1ce088e1\"},\"breadcrumb\":{\"@id\":\"https:\/\/creacom-paca.fr\/?p=505#breadcrumb\"},\"inLanguage\":\"fr-FR\",\"potentialAction\":[{\"@type\":\"ReadAction\",\"target\":[\"https:\/\/creacom-paca.fr\/?p=505\"]}]},{\"@type\":\"BreadcrumbList\",\"@id\":\"https:\/\/creacom-paca.fr\/?p=505#breadcrumb\",\"itemListElement\":[{\"@type\":\"ListItem\",\"position\":1,\"name\":\"Accueil\",\"item\":\"https:\/\/creacom-paca.fr\/\"},{\"@type\":\"ListItem\",\"position\":2,\"name\":\"L&rsquo;image, vecteur de r\u00e9ussite\"}]},{\"@type\":\"WebSite\",\"@id\":\"https:\/\/creacom-paca.fr\/#website\",\"url\":\"https:\/\/creacom-paca.fr\/\",\"name\":\"Creacom Paca\",\"description\":\"\",\"potentialAction\":[{\"@type\":\"SearchAction\",\"target\":{\"@type\":\"EntryPoint\",\"urlTemplate\":\"https:\/\/creacom-paca.fr\/?s={search_term_string}\"},\"query-input\":\"required name=search_term_string\"}],\"inLanguage\":\"fr-FR\"},{\"@type\":\"Person\",\"@id\":\"https:\/\/creacom-paca.fr\/#\/schema\/person\/48a6e8185a1cac6d840e9a8f1ce088e1\",\"name\":\"Denys Turrier\",\"image\":{\"@type\":\"ImageObject\",\"inLanguage\":\"fr-FR\",\"@id\":\"https:\/\/creacom-paca.fr\/#\/schema\/person\/image\/\",\"url\":\"https:\/\/secure.gravatar.com\/avatar\/f1d81c680c418589fcd1c180fc10cfb82831be5ce568a942803226f6dc15f234?s=96&d=mm&r=g\",\"contentUrl\":\"https:\/\/secure.gravatar.com\/avatar\/f1d81c680c418589fcd1c180fc10cfb82831be5ce568a942803226f6dc15f234?s=96&d=mm&r=g\",\"caption\":\"Denys Turrier\"},\"sameAs\":[\"http:\/\/creacom-paca.fr\"],\"url\":\"https:\/\/creacom-paca.fr\/?author=1\"}]}<\/script>\n<!-- \/ Yoast SEO plugin. -->","yoast_head_json":{"title":"L'image, vecteur de r\u00e9ussite - Creacom Paca","robots":{"index":"index","follow":"follow","max-snippet":"max-snippet:-1","max-image-preview":"max-image-preview:large","max-video-preview":"max-video-preview:-1"},"canonical":"https:\/\/creacom-paca.fr\/?p=505","og_locale":"fr_FR","og_type":"article","og_title":"L'image, vecteur de r\u00e9ussite - Creacom Paca","og_description":"Une bonne communication passe en priorit\u00e9 par l\u2019image. Une photo de qualit\u00e9 avec le bon \u00e9clairage et le bon cadrage sera plus efficace que tous les discours du monde. C\u2019est la vitrine de votre commerce. L\u2019image doit \u00e0 la fois r\u00e9sumer votre travail, votre potentiel, votre aspect cr\u00e9atif, votre rigueur, votre savoir-faire, vos moyens techniques. &hellip; L&rsquo;image, vecteur de r\u00e9ussite Lire la suite\u00a0\u00bb","og_url":"https:\/\/creacom-paca.fr\/?p=505","og_site_name":"Creacom Paca","article_published_time":"2022-10-17T13:52:25+00:00","article_modified_time":"2022-10-21T14:07:20+00:00","og_image":[{"width":1000,"height":667,"url":"https:\/\/creacom-paca.fr\/wp-content\/uploads\/2022\/10\/site-resto-frigolet.jpg","type":"image\/jpeg"}],"author":"Denys Turrier","twitter_card":"summary_large_image","twitter_misc":{"\u00c9crit par":"Denys Turrier","Dur\u00e9e de lecture estim\u00e9e":"1 minute"},"schema":{"@context":"https:\/\/schema.org","@graph":[{"@type":"WebPage","@id":"https:\/\/creacom-paca.fr\/?p=505","url":"https:\/\/creacom-paca.fr\/?p=505","name":"L'image, vecteur de r\u00e9ussite - Creacom Paca","isPartOf":{"@id":"https:\/\/creacom-paca.fr\/#website"},"datePublished":"2022-10-17T13:52:25+00:00","dateModified":"2022-10-21T14:07:20+00:00","author":{"@id":"https:\/\/creacom-paca.fr\/#\/schema\/person\/48a6e8185a1cac6d840e9a8f1ce088e1"},"breadcrumb":{"@id":"https:\/\/creacom-paca.fr\/?p=505#breadcrumb"},"inLanguage":"fr-FR","potentialAction":[{"@type":"ReadAction","target":["https:\/\/creacom-paca.fr\/?p=505"]}]},{"@type":"BreadcrumbList","@id":"https:\/\/creacom-paca.fr\/?p=505#breadcrumb","itemListElement":[{"@type":"ListItem","position":1,"name":"Accueil","item":"https:\/\/creacom-paca.fr\/"},{"@type":"ListItem","position":2,"name":"L&rsquo;image, vecteur de r\u00e9ussite"}]},{"@type":"WebSite","@id":"https:\/\/creacom-paca.fr\/#website","url":"https:\/\/creacom-paca.fr\/","name":"Creacom Paca","description":"","potentialAction":[{"@type":"SearchAction","target":{"@type":"EntryPoint","urlTemplate":"https:\/\/creacom-paca.fr\/?s={search_term_string}"},"query-input":"required name=search_term_string"}],"inLanguage":"fr-FR"},{"@type":"Person","@id":"https:\/\/creacom-paca.fr\/#\/schema\/person\/48a6e8185a1cac6d840e9a8f1ce088e1","name":"Denys Turrier","image":{"@type":"ImageObject","inLanguage":"fr-FR","@id":"https:\/\/creacom-paca.fr\/#\/schema\/person\/image\/","url":"https:\/\/secure.gravatar.com\/avatar\/f1d81c680c418589fcd1c180fc10cfb82831be5ce568a942803226f6dc15f234?s=96&d=mm&r=g","contentUrl":"https:\/\/secure.gravatar.com\/avatar\/f1d81c680c418589fcd1c180fc10cfb82831be5ce568a942803226f6dc15f234?s=96&d=mm&r=g","caption":"Denys Turrier"},"sameAs":["http:\/\/creacom-paca.fr"],"url":"https:\/\/creacom-paca.fr\/?author=1"}]}},"_links":{"self":[{"href":"https:\/\/creacom-paca.fr\/index.php?rest_route=\/wp\/v2\/posts\/505","targetHints":{"allow":["GET"]}}],"collection":[{"href":"https:\/\/creacom-paca.fr\/index.php?rest_route=\/wp\/v2\/posts"}],"about":[{"href":"https:\/\/creacom-paca.fr\/index.php?rest_route=\/wp\/v2\/types\/post"}],"author":[{"embeddable":true,"href":"https:\/\/creacom-paca.fr\/index.php?rest_route=\/wp\/v2\/users\/1"}],"replies":[{"embeddable":true,"href":"https:\/\/creacom-paca.fr\/index.php?rest_route=%2Fwp%2Fv2%2Fcomments&post=505"}],"version-history":[{"count":3,"href":"https:\/\/creacom-paca.fr\/index.php?rest_route=\/wp\/v2\/posts\/505\/revisions"}],"predecessor-version":[{"id":561,"href":"https:\/\/creacom-paca.fr\/index.php?rest_route=\/wp\/v2\/posts\/505\/revisions\/561"}],"wp:featuredmedia":[{"embeddable":true,"href":"https:\/\/creacom-paca.fr\/index.php?rest_route=\/wp\/v2\/media\/24"}],"wp:attachment":[{"href":"https:\/\/creacom-paca.fr\/index.php?rest_route=%2Fwp%2Fv2%2Fmedia&parent=505"}],"wp:term":[{"taxonomy":"category","embeddable":true,"href":"https:\/\/creacom-paca.fr\/index.php?rest_route=%2Fwp%2Fv2%2Fcategories&post=505"},{"taxonomy":"post_tag","embeddable":true,"href":"https:\/\/creacom-paca.fr\/index.php?rest_route=%2Fwp%2Fv2%2Ftags&post=505"}],"curies":[{"name":"wp","href":"https:\/\/api.w.org\/{rel}","templated":true}]}}